{"id":35416,"date":"2026-04-27T09:52:16","date_gmt":"2026-04-27T07:52:16","guid":{"rendered":"https:\/\/cellerscarol.com\/?p=35416"},"modified":"2026-04-27T09:52:18","modified_gmt":"2026-04-27T07:52:18","slug":"literatura-entre-vinyes-a-carol-valles","status":"publish","type":"post","link":"https:\/\/cellerscarol.com\/en\/literatura-entre-vinyes-a-carol-valles\/","title":{"rendered":"Literatura entre vinyes a Carol Vall\u00e8s"},"content":{"rendered":"\n<p>Aquest cap de setmana vam tenir el plaer de celebrar al celler la presentaci\u00f3 del llibre <strong>L&#8217;home que va vendre el m\u00f3n<\/strong> de <strong>Melcior Comes<\/strong>, una trobada que va convertir Carol Vall\u00e8s en un espai de di\u00e0leg, cultura i bon ambient.<\/p>\n\n\n\n<p>La jornada es va viure com un <strong>mat\u00ed tranquil, enriquidor i tamb\u00e9 molt divertit<\/strong>, on la literatura va fluir de manera natural entre vinyes, acompanyada de converses properes, reflexions compartides i, com no podia ser d\u2019una altra manera, d\u2019una copa de cava.<\/p>\n\n\n\n<p>Aquest tipus d\u2019activitats ens permeten donar una nova dimensi\u00f3 al celler, convertint-lo en un lloc on el vi, el cava i la cultura es troben i es complementen. Moments aix\u00ed reforcen la nostra voluntat de seguir creant experi\u00e8ncies que vagin m\u00e9s enll\u00e0 del tast i connectin amb les persones.<\/p>\n\n\n\n<p>Des d\u2019aqu\u00ed volem donar les gr\u00e0cies a totes les persones que ens vau acompanyar i vau fer possible aquesta jornada tan especial.<\/p>\n\n\n\n<p>Seguim treballant per omplir el celler de cultura, vida i bons moments.<\/p>\n\n\n\n<p><\/p>\n","protected":false},"excerpt":{"rendered":"<p>Aquest cap de setmana vam tenir el plaer de celebrar al celler la presentaci\u00f3 del llibre L&#8217;home que va vendre el m\u00f3n de Melcior Comes, una trobada que va convertir Carol Vall\u00e8s en un espai de di\u00e0leg, cultura i bon ambient. La jornada es va viure com un mat\u00ed tranquil, enriquidor i tamb\u00e9 molt divertit, &hellip; <a href=\"https:\/\/cellerscarol.com\/en\/literatura-entre-vinyes-a-carol-valles\/\">Continued<\/a><\/p>\n","protected":false},"author":1546,"featured_media":35417,"comment_status":"open","ping_status":"closed","sticky":false,"template":"","format":"standard","meta":{"_acf_changed":false,"footnotes":""},"categories":[1],"tags":[],"class_list":["post-35416","post","type-post","status-publish","format-standard","has-post-thumbnail","hentry","category-sense-categoria"],"acf":[],"_links":{"self":[{"href":"https:\/\/cellerscarol.com\/en\/wp-json\/wp\/v2\/posts\/35416","targetHints":{"allow":["GET"]}}],"collection":[{"href":"https:\/\/cellerscarol.com\/en\/wp-json\/wp\/v2\/posts"}],"about":[{"href":"https:\/\/cellerscarol.com\/en\/wp-json\/wp\/v2\/types\/post"}],"author":[{"embeddable":true,"href":"https:\/\/cellerscarol.com\/en\/wp-json\/wp\/v2\/users\/1546"}],"replies":[{"embeddable":true,"href":"https:\/\/cellerscarol.com\/en\/wp-json\/wp\/v2\/comments?post=35416"}],"version-history":[{"count":1,"href":"https:\/\/cellerscarol.com\/en\/wp-json\/wp\/v2\/posts\/35416\/revisions"}],"predecessor-version":[{"id":35420,"href":"https:\/\/cellerscarol.com\/en\/wp-json\/wp\/v2\/posts\/35416\/revisions\/35420"}],"wp:featuredmedia":[{"embeddable":true,"href":"https:\/\/cellerscarol.com\/en\/wp-json\/wp\/v2\/media\/35417"}],"wp:attachment":[{"href":"https:\/\/cellerscarol.com\/en\/wp-json\/wp\/v2\/media?parent=35416"}],"wp:term":[{"taxonomy":"category","embeddable":true,"href":"https:\/\/cellerscarol.com\/en\/wp-json\/wp\/v2\/categories?post=35416"},{"taxonomy":"post_tag","embeddable":true,"href":"https:\/\/cellerscarol.com\/en\/wp-json\/wp\/v2\/tags?post=35416"}],"curies":[{"name":"wp","href":"https:\/\/api.w.org\/{rel}","templated":true}]}}